{"id":7991,"date":"2025-04-15T03:44:33","date_gmt":"2025-04-15T03:44:33","guid":{"rendered":"https:\/\/sintony.com.br\/blog\/?p=7991"},"modified":"2025-05-20T19:57:01","modified_gmt":"2025-05-20T19:57:01","slug":"espelho-espelho-meu-reconstruindo-sua-autoimagem-para-uma-relacao-positiva-com-seu-corpo","status":"publish","type":"post","link":"https:\/\/sintony.com.br\/blog\/espelho-espelho-meu-reconstruindo-sua-autoimagem-para-uma-relacao-positiva-com-seu-corpo\/","title":{"rendered":"Espelho, Espelho Meu: Reconstruindo sua Autoimagem para uma Rela\u00e7\u00e3o Positiva com seu Corpo"},"content":{"rendered":"\n<p>A forma como nos enxergamos molda profundamente nossa experi\u00eancia de vida. Nossa <strong>autoimagem<\/strong> \u2013 aquela representa\u00e7\u00e3o mental que mantemos sobre nossa apar\u00eancia, capacidades e valor \u2013 influencia desde nossas intera\u00e7\u00f5es sociais at\u00e9 nossas decis\u00f5es mais \u00edntimas. Para muitos de n\u00f3s, essa imagem interna tornou-se distorcida ao longo dos anos, coberta por camadas de cr\u00edticas absorvidas, compara\u00e7\u00f5es injustas e padr\u00f5es irrealistas. O espelho, que deveria ser apenas uma ferramenta reflexiva, transforma-se frequentemente em juiz implac\u00e1vel, destacando imperfei\u00e7\u00f5es e minimizando qualidades.<\/p>\n\n\n\n<p>A <strong>autoimagem<\/strong> negativa raramente surge isoladamente. Ela se desenvolve gradualmente, nutrida por mensagens culturais restritivas, experi\u00eancias de rejei\u00e7\u00e3o, coment\u00e1rios descuidados de pessoas significativas e a constante exposi\u00e7\u00e3o a imagens editadas que apresentam vers\u00f5es inalcan\u00e7\u00e1veis de perfei\u00e7\u00e3o corporal. Com o tempo, internalizamos essas influ\u00eancias externas t\u00e3o profundamente que elas parecem originar-se de n\u00f3s mesmos \u2013 aquela voz cr\u00edtica no espelho parece nossa, embora seja frequentemente um eco de vozes alheias.<\/p>\n\n\n\n<p>Reconstruir uma <strong>autoimagem<\/strong> saud\u00e1vel n\u00e3o se trata de alcan\u00e7ar um ideal est\u00e9tico espec\u00edfico, mas de transformar fundamentalmente a rela\u00e7\u00e3o que mantemos com nosso corpo \u2013 de adversarial para colaborativa, de julgadora para compassiva. Este processo envolve mais que <a href=\"https:\/\/sintony.com.br\/blog\/linguagem-do-amor-proprio-como-transformar-seu-dialogo-interno-negativo-em-autoaceitacao\/\"  data-wpil-monitor-id=\"710\">afirma\u00e7\u00f5es positivas<\/a> ou exerc\u00edcios mec\u00e2nicos; requer uma reorganiza\u00e7\u00e3o profunda de padr\u00f5es neurol\u00f3gicos, emocionais e comportamentais estabelecidos. Neste artigo, exploraremos <a href=\"https:\/\/sintony.com.br\/blog\/a-ciencia-da-superacao-o-que-pesquisas-recentes-revelam-sobre-como-superar-um-termino\/\"  data-wpil-monitor-id=\"711\">estrat\u00e9gias baseadas em evid\u00eancias<\/a> para iniciar essa jornada transformadora, permitindo que voc\u00ea olhe no espelho e veja n\u00e3o apenas sua apar\u00eancia, mas seu valor intr\u00ednseco e beleza aut\u00eantica.<\/p>\n\n\n\n<h2 class=\"wp-block-heading\">Os Fundamentos Psicol\u00f3gicos da Autoimagem<\/h2>\n\n\n\n<p>Para transformar efetivamente nossa <strong>autoimagem<\/strong>, precisamos primeiro compreender como ela se forma e se mant\u00e9m. Diferente de um simples conjunto de opini\u00f5es conscientes sobre nossa apar\u00eancia, a <strong>autoimagem<\/strong> constitui uma estrutura psicol\u00f3gica complexa com componentes cognitivos, emocionais e neurobiol\u00f3gicos profundamente interconectados. Esta compreens\u00e3o multidimensional oferece pontos de interven\u00e7\u00e3o mais eficazes que abordagens superficiais focadas apenas em pensamentos positivos.<\/p>\n\n\n\n<p>Do ponto de vista neurocient\u00edfico, nossa <strong>autoimagem<\/strong> corporal \u00e9 processada em diversas regi\u00f5es cerebrais, incluindo o c\u00f3rtex parietal (respons\u00e1vel pelo senso de propriocep\u00e7\u00e3o \u2013 consci\u00eancia da posi\u00e7\u00e3o e movimento do corpo) e a \u00ednsula (relacionada a sensa\u00e7\u00f5es interoceptivas \u2013 percep\u00e7\u00e3o de sinais internos do corpo). Estudos de neuroimagem demonstram que pessoas com dist\u00farbios de imagem corporal frequentemente apresentam ativa\u00e7\u00e3o alterada nestas \u00e1reas, sugerindo que a <strong>autoimagem<\/strong> negativa n\u00e3o \u00e9 meramente uma distor\u00e7\u00e3o cognitiva, mas tamb\u00e9m uma diferen\u00e7a no processamento sensorial e interpreta\u00e7\u00e3o de informa\u00e7\u00f5es corporais.<\/p>\n\n\n\n<p>A psicologia do desenvolvimento revela que a <strong>autoimagem<\/strong> come\u00e7a a formar-se surpreendentemente cedo \u2013 crian\u00e7as de apenas 3-4 anos j\u00e1 demonstram consci\u00eancia de normas culturais sobre apar\u00eancia e tamanho corporal. Este processo de forma\u00e7\u00e3o \u00e9 fundamentalmente relacional: absorvemos mensagens sobre nosso valor corporal atrav\u00e9s das rea\u00e7\u00f5es de cuidadores, coment\u00e1rios de colegas e, posteriormente, exposi\u00e7\u00e3o \u00e0 m\u00eddia. Experi\u00eancias negativas durante per\u00edodos sens\u00edveis de desenvolvimento, como bullying relacionado \u00e0 apar\u00eancia durante a puberdade, podem ter impacto desproporcional na <strong>autoimagem<\/strong> adulta.<\/p>\n\n\n\n<p>A psicologia cognitiva identifica v\u00e1rios processos que mant\u00eam <strong>autoimagem<\/strong> negativa mesmo diante de evid\u00eancias contradit\u00f3rias. A &#8220;aten\u00e7\u00e3o seletiva&#8221; nos leva a notar predominantemente caracter\u00edsticas corporais que confirmam nossa vis\u00e3o negativa enquanto ignoramos evid\u00eancias positivas. O &#8220;pensamento dicot\u00f4mico&#8221; nos faz avaliar nosso corpo em termos absolutistas \u2013 completamente aceit\u00e1vel ou totalmente inaceit\u00e1vel \u2013 sem espa\u00e7o para nuances. A &#8220;personaliza\u00e7\u00e3o&#8221; nos faz interpretar rea\u00e7\u00f5es alheias como relacionadas \u00e0 nossa apar\u00eancia quando podem ter in\u00fameras outras causas.<\/p>\n\n\n\n<h2 class=\"wp-block-heading\">A Jornada de Reconstru\u00e7\u00e3o da Autoimagem<\/h2>\n\n\n\n<p>Transformar uma <strong>autoimagem<\/strong> negativa estabelecida requer uma abordagem progressiva e multifacetada, reconhecendo que padr\u00f5es profundamente enraizados n\u00e3o se modificam instantaneamente. Esta jornada n\u00e3o \u00e9 linear \u2013 espere momentos de progresso significativo intercalados com per\u00edodos de aparente regress\u00e3o. A neuroplasticidade cerebral \u2013 capacidade do c\u00e9rebro de reorganizar conex\u00f5es neurais \u2013 possibilita essa transforma\u00e7\u00e3o, mas opera gradualmente, fortalecendo novos padr\u00f5es de pensamento e percep\u00e7\u00e3o atrav\u00e9s de pr\u00e1tica consistente.<\/p>\n\n\n\n<p>O primeiro est\u00e1gio desta jornada envolve desenvolver consci\u00eancia metacognitiva \u2013 a capacidade de observar seus pr\u00f3prios pensamentos sobre seu corpo sem imediatamente identificar-se com eles. Essa pr\u00e1tica fundamental cria o &#8220;espa\u00e7o psicol\u00f3gico&#8221; necess\u00e1rio para interromper respostas autom\u00e1ticas a pensamentos negativos sobre a <strong>autoimagem<\/strong>. Em vez de tentar imediatamente substituir pensamentos negativos (o que frequentemente intensifica resist\u00eancia interna), comece simplesmente notando &#8220;Estou tendo um pensamento cr\u00edtico sobre meu corpo&#8221; sem julgar o pr\u00f3prio pensamento.<\/p>\n\n\n\n<p>\u00c0 medida que essa capacidade de auto-observa\u00e7\u00e3o se desenvolve, o est\u00e1gio seguinte envolve identificar e questionar cren\u00e7as fundamentais que sustentam sua <strong>autoimagem<\/strong> negativa. Estas frequentemente incluem pressupostos raramente examinados como &#8220;Meu valor depende de minha apar\u00eancia&#8221; ou &#8220;Preciso corresponder a determinado ideal est\u00e9tico para ser amado&#8221;. A terapeuta cognitiva Judith Beck recomenda tratar essas cren\u00e7as como hip\u00f3teses a serem testadas, n\u00e3o como verdades absolutas, coletando ativamente evid\u00eancias que as contradizem.<\/p>\n\n\n\n<h3 class=\"wp-block-heading\">Ferramentas Pr\u00e1ticas para os Primeiros Passos<\/h3>\n\n\n\n<ul class=\"wp-block-list\">\n<li><strong>Di\u00e1rio de Desafio de Pensamentos:<\/strong> Mantenha um registro de pensamentos autom\u00e1ticos negativos sobre seu corpo, identificando distor\u00e7\u00f5es cognitivas espec\u00edficas em cada um (generaliza\u00e7\u00e3o excessiva, filtro mental negativo, etc.) e formulando respostas mais equilibradas.<\/li>\n\n\n\n<li><strong>Exerc\u00edcio de Redefini\u00e7\u00e3o do Espelho:<\/strong> Em vez de avaliar sua apar\u00eancia ao olhar-se no espelho, pratique concentrar-se nas fun\u00e7\u00f5es e capacidades de diferentes partes do corpo: &#8220;Estas pernas me permitem caminhar e dan\u00e7ar&#8221; em vez de julgar sua forma.<\/li>\n\n\n\n<li><strong>Invent\u00e1rio de Qualidades N\u00e3o-F\u00edsicas:<\/strong> Desenvolva conscientemente a <a href=\"https:\/\/sintony.com.br\/blog\/reconstruindo-a-autoestima-depois-do-fim-exercicios-praticos-comprovados-por-especialistas\/\"  data-wpil-monitor-id=\"712\">pr\u00e1tica<\/a> de reconhecer e valorizar aspectos n\u00e3o relacionados \u00e0 apar\u00eancia \u2013 sua intelig\u00eancia, compaix\u00e3o, criatividade \u2013 para expandir bases de autoestima para al\u00e9m da <strong>autoimagem<\/strong> corporal.<\/li>\n\n\n\n<li><strong>Pr\u00e1tica de Gratid\u00e3o Corporal:<\/strong> Regularmente reconhe\u00e7a e agrade\u00e7a seu corpo pela capacidade de sentir prazer sensorial, respirar automaticamente, <a href=\"https:\/\/sintony.com.br\/blog\/autocompaixao-a-habilidade-essencial-para-curar-feridas-emocionais-e-cultivar-amor-proprio\/\"  data-wpil-monitor-id=\"713\">curar feridas<\/a>, e outras fun\u00e7\u00f5es frequentemente negligenciadas.<\/li>\n\n\n\n<li><strong>Auditoria de M\u00eddia Social:<\/strong> Examine criticamente as contas que segue em plataformas sociais \u2013 elas promovem diversidade corporal aut\u00eantica ou refor\u00e7am ideais irrealistas? N\u00e3o hesite em deixar de seguir conte\u00fado que consistentemente prejudica sua <strong>autoimagem<\/strong>.<\/li>\n<\/ul>\n\n\n\n<p>Psic\u00f3logos especializados em imagem corporal enfatizam que reconstruir a <strong>autoimagem<\/strong> envolve n\u00e3o apenas modificar pensamentos, mas tamb\u00e9m reconectar-se com seu corpo como um aliado valioso, n\u00e3o um objeto a ser constantemente avaliado e aperfei\u00e7oado. Esta reconex\u00e3o geralmente requer exposi\u00e7\u00e3o gradual a situa\u00e7\u00f5es previamente evitadas devido \u00e0 ansiedade relacionada \u00e0 imagem corporal \u2013 como usar roupas mais reveladoras ou participar em atividades f\u00edsicas p\u00fablicas \u2013 com suporte adequado para processar emo\u00e7\u00f5es que surgem.<\/p>\n\n\n\n<h2 class=\"wp-block-heading\">Linguagem Interna e Seu Impacto na Autoimagem<\/h2>\n\n\n\n<p>Nosso di\u00e1logo interno \u2013 aquela conversa silenciosa que mantemos conosco mesmos \u2013 exerce influ\u00eancia extraordin\u00e1ria sobre nossa <strong>autoimagem<\/strong> e relacionamento com o corpo. As palavras espec\u00edficas que utilizamos para nos descrever n\u00e3o apenas refletem percep\u00e7\u00f5es existentes, mas ativamente moldam como experimentamos nossa realidade corporal. A neurolingu\u00edstica demonstra que linguagem repetida cria padr\u00f5es neurais preferenciais, literalmente esculpindo circuitos cerebrais que facilitam certos tipos de pensamentos e percep\u00e7\u00f5es.<\/p>\n\n\n\n<p>Uma caracter\u00edstica not\u00e1vel do di\u00e1logo interno negativo \u00e9 seu car\u00e1ter absolutista \u2013 tendemos a usar linguagem que generaliza falhas percebidas (&#8220;sempre pare\u00e7o horr\u00edvel&#8221;), personifica partes corporais como advers\u00e1rias (&#8220;minha barriga me traiu hoje&#8221;), ou emprega met\u00e1foras degradantes (&#8220;me sinto um bal\u00e3o inflado&#8221;). Este padr\u00e3o lingu\u00edstico ativa respostas neurol\u00f3gicas de amea\u00e7a, criando estados emocionais defensivos que perpetuam ciclos de autocr\u00edtica e, paradoxalmente, comportamentos prejudiciais \u00e0 sa\u00fade corporal.<\/p>\n\n\n\n<p>Transformar esse di\u00e1logo interno requer mais que substitui\u00e7\u00e3o superficial de palavras negativas por positivas. A pesquisadora Kristin Neff, pioneira em estudos sobre autocompaix\u00e3o, recomenda cultivar conscientemente uma &#8220;voz interna compassiva&#8221; \u2013 falando consigo mesmo como falaria com um amigo querido enfrentando inseguran\u00e7as semelhantes. Esta abordagem reconhece <a href=\"https:\/\/sintony.com.br\/blog\/o-mito-da-perfeicao-como-abracar-suas-imperfeicoes-e-cultivar-amor-proprio-genuino\/\"  data-wpil-monitor-id=\"714\">imperfei\u00e7\u00f5es<\/a> sem condena\u00e7\u00e3o e mant\u00e9m perspectiva equilibrada que integra desafios corporais com aprecia\u00e7\u00e3o genu\u00edna de qualidades existentes.<\/p>\n\n\n\n<h3 class=\"wp-block-heading\">Pr\u00e1ticas para Transformar sua Linguagem Interna<\/h3>\n\n\n\n<ul class=\"wp-block-list\">\n<li><strong>Reconhecimento de Gatilhos Lingu\u00edsticos:<\/strong> Identifique palavras ou frases espec\u00edficas sobre seu corpo que consistentemente desencadeiam espirais negativas de pensamento. Substitua termos carregados (&#8220;gordo&#8221;, &#8220;fl\u00e1cido&#8221;) por descri\u00e7\u00f5es neutras focadas em sensa\u00e7\u00e3o ou funcionalidade.<\/li>\n\n\n\n<li><strong>Pr\u00e1tica de Reda\u00e7\u00e3o em Terceira Pessoa:<\/strong> Experimente escrever sobre desafios de <strong>autoimagem<\/strong> usando seu nome em terceira pessoa em vez de &#8220;eu&#8221;. Esta t\u00e9cnica, apoiada por pesquisas psicol\u00f3gicas, cria dist\u00e2ncia psicol\u00f3gica \u00fatil de pensamentos autocr\u00edticos.<\/li>\n\n\n\n<li><strong>Desenvolvimento de Mantras Pessoais:<\/strong> Crie frases curtas, significativas e realistas que contrap\u00f5em cren\u00e7as limitantes sobre sua <strong>autoimagem<\/strong>. Para efic\u00e1cia m\u00e1xima, formule-as no tempo presente e foque em afirma\u00e7\u00f5es verific\u00e1veis: &#8220;Estou aprendendo a apreciar a for\u00e7a e funcionalidade do meu corpo&#8221; em vez de declara\u00e7\u00f5es que contradizem completamente suas cren\u00e7as atuais.<\/li>\n\n\n\n<li><strong>T\u00e9cnica de Questionamento Socr\u00e1tico:<\/strong> Quando surgir um pensamento autocr\u00edtico sobre apar\u00eancia, pratique question\u00e1-lo sistematicamente: &#8220;Qual evid\u00eancia tenho para este pensamento? Como me sentiria se um amigo descrevesse a si mesmo desta forma? Existe perspectiva mais equilibrada dispon\u00edvel?&#8221;<\/li>\n\n\n\n<li><strong>Monitoramento de Metacomunica\u00e7\u00e3o:<\/strong> Observe n\u00e3o apenas o conte\u00fado de pensamentos sobre seu corpo, mas tamb\u00e9m o &#8220;tom&#8221; desses pensamentos \u2013 condescendente, punitivo, desdenhoso? Este reconhecimento permite ajustar n\u00e3o apenas o que voc\u00ea diz internamente, mas como o diz.<\/li>\n<\/ul>\n\n\n\n<p>A neurologista e pesquisadora Lisa Feldman Barrett demonstra em seu trabalho que emo\u00e7\u00f5es s\u00e3o parcialmente constru\u00eddas atrav\u00e9s de conceitos lingu\u00edsticos dispon\u00edveis \u2013 quanto mais rico e nuan\u00e7ado seu vocabul\u00e1rio para experi\u00eancias corporais, mais sofisticada se torna sua <strong>autoimagem<\/strong>. Expandir conscientemente seu l\u00e9xico relacionado ao corpo para incluir termos al\u00e9m de avalia\u00e7\u00f5es est\u00e9ticas \u2013 descrevendo sensa\u00e7\u00f5es, capacidades, resili\u00eancia, expressividade \u2013 permite experimentar seu corpo de formas mais diversificadas e potencialmente gratificantes.<\/p>\n\n\n\n<h2 class=\"wp-block-heading\">Reconciliando-se com o Espelho: Abordagens Pr\u00e1ticas<\/h2>\n\n\n\n<p>O espelho representa um ponto focal na experi\u00eancia de <strong>autoimagem<\/strong> problem\u00e1tica. Para muitos, o ritual de olhar-se no espelho transforma-se em momento de escrut\u00ednio implac\u00e1vel, onde aten\u00e7\u00e3o gravita automaticamente para caracter\u00edsticas percebidas como defeituosas. Este padr\u00e3o atencional \u2013 neuralmente codificado atrav\u00e9s de repeti\u00e7\u00e3o \u2013 perpetua ciclos de insatisfa\u00e7\u00e3o corporal. Modificar conscientemente como interagimos com reflexos oferece oportunidade poderosa para interromper esses ciclos e estabelecer nova rela\u00e7\u00e3o com nossa <strong>autoimagem<\/strong> visual.<\/p>\n\n\n\n<p>A terapia cognitivo-comportamental para imagem corporal frequentemente incorpora &#8220;exposi\u00e7\u00e3o gradual ao espelho&#8221; como interven\u00e7\u00e3o central. Esta pr\u00e1tica estruturada come\u00e7a com breves per\u00edodos de autocontempla\u00e7\u00e3o focada sob condi\u00e7\u00f5es controladas (ilumina\u00e7\u00e3o adequada, roupas confort\u00e1veis) e progressivamente expande para situa\u00e7\u00f5es mais desafiadoras. O objetivo n\u00e3o \u00e9 eliminar desconforto completamente, mas desenvolver maior toler\u00e2ncia \u00e0s sensa\u00e7\u00f5es que surgem durante o auto-exame, reduzindo tend\u00eancia de evita\u00e7\u00e3o que paradoxalmente intensifica fixa\u00e7\u00e3o negativa.<\/p>\n\n\n\n<p>A t\u00e9cnica de &#8220;varredura <a href=\"https:\/\/sintony.com.br\/blog\/encontros-virtuais-que-funcionam-como-transformar-uma-videochamada-em-um-momento-memoravel\/\"  data-wpil-monitor-id=\"715\">corporal neutra&#8221; oferece estrutura espec\u00edfica para esses encontros<\/a> com o espelho. Em vez do habitual padr\u00e3o de hiperfoco em \u00e1reas problem\u00e1ticas, esta pr\u00e1tica envolve observar sistematicamente cada parte do corpo com perspectiva descritiva e funcional, n\u00e3o avaliativa. Com pr\u00e1tica consistente, esta abordagem recalibra <a href=\"https:\/\/sintony.com.br\/blog\/o-impacto-neurologico-da-separacao-entenda-o-que-acontece-no-seu-cerebro-e-como-lidar\/\"  data-wpil-monitor-id=\"716\">circuitos neurais<\/a> de aten\u00e7\u00e3o, criando padr\u00f5es mais equilibrados de auto-observa\u00e7\u00e3o que incluem aspectos previamente ignorados devido ao filtro negativo predominante.<\/p>\n\n\n\n<h3 class=\"wp-block-heading\">Rituais de Reconex\u00e3o com o Espelho<\/h3>\n\n\n\n<ul class=\"wp-block-list\">\n<li><strong>Pr\u00e1tica de Olhar Compassivo:<\/strong> Antes de examinar seu reflexo, conscientemente evoque mem\u00f3ria de pessoa que voc\u00ea ama incondicionalmente. Observe como seu olhar naturalmente suaviza. Mantenha essa qualidade atencional enquanto transfere olhar para si mesmo, notando diferen\u00e7as sutis em express\u00e3o facial e tens\u00e3o corporal.<\/li>\n\n\n\n<li><strong>Exerc\u00edcio de Aprecia\u00e7\u00e3o Progressiva:<\/strong> Comece identificando uma \u00fanica caracter\u00edstica que voc\u00ea pode aceitar (n\u00e3o necessariamente adorar). Em dias subsequentes, adicione gradualmente uma nova caracter\u00edstica \u00e0 lista. Esta pr\u00e1tica expande sistematicamente &#8220;zonas de neutralidade&#8221; em sua <strong>autoimagem<\/strong>.<\/li>\n\n\n\n<li><strong>Desafio de Afirma\u00e7\u00e3o Espec\u00edfica:<\/strong> Em vez de gen\u00e9ricas afirma\u00e7\u00f5es positivas, identifique uma qualidade espec\u00edfica e verific\u00e1vel em sua apar\u00eancia diariamente: &#8220;Aprecio como meus olhos expressam emo\u00e7\u00f5es&#8221; ou &#8220;Reconhe\u00e7o a funcionalidade das minhas m\u00e3os que me permitem criar&#8221;.<\/li>\n\n\n\n<li><strong>Ritual de Gratid\u00e3o Sensorial:<\/strong> Ap\u00f3s banho ou durante aplica\u00e7\u00e3o de hidratante, concentre-se deliberadamente em sensa\u00e7\u00f5es f\u00edsicas ao tocar diferentes partes do corpo \u2013 temperatura, textura, sensibilidade \u2013 desviando aten\u00e7\u00e3o de avalia\u00e7\u00e3o visual para experi\u00eancia sensorial direta.<\/li>\n\n\n\n<li><strong>Pr\u00e1tica de Autocuidado Presencial:<\/strong> Transforme atividades de autocuidado diante do espelho (escovar dentes, pentear cabelo) em oportunidades para praticar presen\u00e7a n\u00e3o-cr\u00edtica, trazendo consci\u00eancia plena para movimentos e sensa\u00e7\u00f5es em vez de avalia\u00e7\u00e3o est\u00e9tica.<\/li>\n<\/ul>\n\n\n\n<p>O pesquisador Thomas Cash, especialista em imagem corporal, enfatiza que melhorar a rela\u00e7\u00e3o com o espelho n\u00e3o significa eliminar completamente avalia\u00e7\u00f5es negativas, mas desenvolver resposta mais equilibrada e compaix\u00e3o genu\u00edna diante delas. Este processo gradual de &#8220;dessensibiliza\u00e7\u00e3o&#8221; reduz carga emocional associada \u00e0 <strong>autoimagem<\/strong> refletida, permitindo que o espelho retorne ao seu prop\u00f3sito original \u2013 simples ferramenta reflexiva, n\u00e3o tribunal de julgamento est\u00e9tico.<\/p>\n\n\n\n<h2 class=\"wp-block-heading\">Influ\u00eancias Socioculturais e Prote\u00e7\u00e3o da Autoimagem<\/h2>\n\n\n\n<p>Nossa <strong>autoimagem<\/strong> n\u00e3o se desenvolve em v\u00e1cuo psicol\u00f3gico \u2013 \u00e9 continuamente moldada por poderosas for\u00e7as socioculturais que estabelecem padr\u00f5es expl\u00edcitos e impl\u00edcitos sobre apar\u00eancia &#8220;ideal&#8221;. A exposi\u00e7\u00e3o cont\u00ednua a imagens altamente editadas, narrativas que equiparam magreza ou musculatura definida com sucesso e valor pessoal, e a monetiza\u00e7\u00e3o sistem\u00e1tica de inseguran\u00e7as corporais pela ind\u00fastria de beleza criam ambiente hostil para desenvolvimento de <a href=\"https:\/\/sintony.com.br\/blog\/amizades-apos-o-fim-e-possivel-manter-uma-relacao-saudavel-com-seu-ex-parceiro\/\"  data-wpil-monitor-id=\"717\">rela\u00e7\u00e3o saud\u00e1vel<\/a> com o corpo.<\/p>\n\n\n\n<p>A psic\u00f3loga social Renee Engeln utiliza o termo &#8220;cognitivamente disruptiva&#8221; para descrever como a objetifica\u00e7\u00e3o corporal compromete recursos mentais. Suas pesquisas demonstram que ap\u00f3s exposi\u00e7\u00e3o a imagens idealizadas, mulheres experimentam redu\u00e7\u00e3o mensur\u00e1vel em capacidade de concentra\u00e7\u00e3o e desempenho cognitivo, pois recursos mentais s\u00e3o involuntariamente redirecionados para autoavalia\u00e7\u00e3o comparativa. Este fen\u00f4meno ilustra como influ\u00eancias externas sobre <strong>autoimagem<\/strong> n\u00e3o representam apenas desconforto est\u00e9tico, mas comprometimento funcional tang\u00edvel.<\/p>\n\n\n\n<p>Desenvolver literacia cr\u00edtica de m\u00eddia constitui estrat\u00e9gia essencial para proteger <strong>autoimagem<\/strong> neste ambiente. Esta capacidade envolve descontruir conscientemente mensagens midi\u00e1ticas, reconhecendo t\u00e9cnicas espec\u00edficas utilizadas para manipular imagens e narrativas sobre corpos. Estudos demonstram que mesmo breves interven\u00e7\u00f5es educacionais sobre edi\u00e7\u00e3o digital e pr\u00e1ticas da ind\u00fastria da moda podem significativamente reduzir impacto negativo de imagens idealizadas na <strong>autoimagem<\/strong> de adolescentes e adultos.<\/p>\n\n\n\n<h3 class=\"wp-block-heading\">Estrat\u00e9gias de Prote\u00e7\u00e3o Sociocultural<\/h3>\n\n\n\n<ul class=\"wp-block-list\">\n<li><strong>Curadoria Consciente de Conte\u00fado:<\/strong> Avalie regularmente o impacto de diferentes fontes midi\u00e1ticas em sua <strong>autoimagem<\/strong>. Diversifique intencionalmente seu consumo visual para incluir corpos de diferentes tamanhos, idades, etnias e habilidades, criando novo &#8220;normal&#8221; visual que contrabalan\u00e7a representa\u00e7\u00f5es homog\u00eaneas predominantes.<\/li>\n\n\n\n<li><strong>Pr\u00e1tica de Desconstru\u00e7\u00e3o Publicit\u00e1ria:<\/strong> Desenvolva h\u00e1bito de analisar criticamente mensagens publicit\u00e1rias sobre corpo, identificando espec\u00edficas t\u00e9cnicas persuasivas e pressupostos impl\u00edcitos. Pergunta essencial: &#8220;Qual problema esta mensagem tenta convencer-me que tenho, para ent\u00e3o vender-me a solu\u00e7\u00e3o?&#8221;<\/li>\n\n\n\n<li><strong>Cria\u00e7\u00e3o de Comunidade Afirmativa:<\/strong> Cultivie <a href=\"https:\/\/sintony.com.br\/blog\/rituais-de-conexao-pequenos-habitos-diarios-que-fortalecem-o-vinculo-matrimonial\/\"  data-wpil-monitor-id=\"718\">ativamente relacionamentos<\/a> que valorizam qualidades al\u00e9m da apar\u00eancia. Em ambientes sociais onde coment\u00e1rios sobre corpo s\u00e3o frequentes, pratique redirecionar conversas para t\u00f3picos n\u00e3o relacionados \u00e0 apar\u00eancia.<\/li>\n\n\n\n<li><strong>Ativismo de Autoimagem:<\/strong> Considere transformar frustra\u00e7\u00e3o com press\u00f5es culturais em a\u00e7\u00e3o construtiva \u2013 apoiar marcas com representa\u00e7\u00e3o corporal diversificada, questionar respeitosamente mensagens problem\u00e1ticas em espa\u00e7os p\u00fablicos, compartilhar recursos educativos sobre aceita\u00e7\u00e3o corporal.<\/li>\n\n\n\n<li><strong>Desenvolvimento de <\/strong><a href=\"https:\/\/sintony.com.br\/blog\/da-dependencia-a-autonomia-como-construir-uma-vida-plena-antes-de-buscar-um-relacionamento\/\"  data-wpil-monitor-id=\"719\">Identidade Multidimensional: Invista conscientemente em desenvolver aspectos identit\u00e1rios n\u00e3o relacionados<\/a> \u00e0 apar\u00eancia \u2013 habilidades, relacionamentos, valores, contribui\u00e7\u00f5es \u2013 criando senso de valor pessoal que transcende flutua\u00e7\u00f5es em <strong>autoimagem<\/strong> corporal.<\/li>\n<\/ul>\n\n\n\n<p>A pesquisadora Niva Piran, pioneira no campo da imagem corporal, prop\u00f5e o conceito de &#8220;incorpora\u00e7\u00e3o positiva&#8221; para descrever rela\u00e7\u00e3o com o corpo caracterizada por conex\u00e3o, ag\u00eancia e resist\u00eancia a objetifica\u00e7\u00e3o externa. Esta perspectiva reconhece dimens\u00e3o sociopol\u00edtica da <strong>autoimagem<\/strong> \u2013 nossas lutas individuais refletem tens\u00f5es sociais mais amplas sobre controle e valoriza\u00e7\u00e3o de corpos. Abordar essas influ\u00eancias externas torna-se, portanto, componente essencial de qualquer estrat\u00e9gia abrangente para reconstruir <strong>autoimagem<\/strong> positiva.<\/p>\n\n\n\n<h2 class=\"wp-block-heading\">Reconciliando Sa\u00fade e Aceita\u00e7\u00e3o na Jornada da Autoimagem<\/h2>\n\n\n\n<p>Um obst\u00e1culo frequente na reconstru\u00e7\u00e3o de <strong>autoimagem<\/strong> positiva \u00e9 a percep\u00e7\u00e3o err\u00f4nea de que aceitar seu corpo atual significa abandonar aspira\u00e7\u00f5es leg\u00edtimas de sa\u00fade, vitalidade e bem-estar f\u00edsico. Esta dicotomia falsa \u2013 &#8220;aceite seu corpo como est\u00e1 ou trabalhe para mud\u00e1-lo&#8221; \u2013 cria tens\u00e3o desnecess\u00e1ria que compromete tanto aceita\u00e7\u00e3o genu\u00edna quanto comportamentos sustent\u00e1veis de sa\u00fade. Uma abordagem integrada reconhece que verdadeira transforma\u00e7\u00e3o de <strong>autoimagem<\/strong> envolve honrar simultaneamente seu corpo atual e apoiar sua sa\u00fade futura.<\/p>\n\n\n\n<p>O paradigma &#8220;Health at Every Size&#8221; (Sa\u00fade em Qualquer Tamanho) oferece estrutura \u00fatil para <a href=\"https:\/\/sintony.com.br\/blog\/encontros-gastronomicos-como-escolher-o-restaurante-perfeito-para-cada-fase-do-relacionamento\/\"  data-wpil-monitor-id=\"720\">reconciliar<\/a> estes objetivos aparentemente contradit\u00f3rios. Este modelo, apoiado por crescente corpo de pesquisas, prop\u00f5e que comportamentos promotores de sa\u00fade como nutri\u00e7\u00e3o atenta, movimento prazeroso e autocompaix\u00e3o beneficiam bem-estar independentemente de mudan\u00e7as espec\u00edficas em peso ou apar\u00eancia. Estudos longitudinais demonstram que interven\u00e7\u00f5es baseadas nestes princ\u00edpios melhoram significativamente marcadores biol\u00f3gicos de sa\u00fade enquanto simultaneamente promovem melhorias em <strong>autoimagem<\/strong> e redu\u00e7\u00e3o de comportamentos alimentares desordenados.<\/p>\n\n\n\n<p>Desenvolver rela\u00e7\u00e3o com movimento f\u00edsico baseada em prazer e funcionalidade, n\u00e3o em compensa\u00e7\u00e3o ou transforma\u00e7\u00e3o est\u00e9tica, representa componente vital desta abordagem integrada. A psic\u00f3loga Kelly McGonigal demonstra em suas pesquisas que reorientar motiva\u00e7\u00f5es para exerc\u00edcio \u2013 de &#8220;corrigir falhas&#8221; para &#8220;celebrar capacidades&#8221; \u2013 n\u00e3o apenas melhora <strong>autoimagem<\/strong>, mas tamb\u00e9m aumenta consist\u00eancia e sustentabilidade de comportamentos ativos ao longo do tempo, criando ciclo virtuoso de <a href=\"https:\/\/sintony.com.br\/blog\/do-autossabotagem-ao-autocuidado-identificando-padroes-que-bloqueiam-seu-amor-proprio\/\"  data-wpil-monitor-id=\"721\">bem-estar f\u00edsico e psicol\u00f3gico<\/a>.<\/p>\n\n\n\n<h3 class=\"wp-block-heading\">Pr\u00e1ticas para Integrar Aceita\u00e7\u00e3o e Sa\u00fade<\/h3>\n\n\n\n<ul class=\"wp-block-list\">\n<li><strong>Nutri\u00e7\u00e3o Atenta sem Julgamento:<\/strong> Desenvolva rela\u00e7\u00e3o com alimenta\u00e7\u00e3o baseada em aten\u00e7\u00e3o plena \u00e0s sensa\u00e7\u00f5es corporais (fome, saciedade, energia, prazer) em vez de regras externas r\u00edgidas. Esta abordagem honra sinais internos enquanto gradualmente orienta escolhas alimentares que promovem vitalidade.<\/li>\n\n\n\n<li><strong>Explora\u00e7\u00e3o de Movimento por Prazer:<\/strong> Experimente diversas formas de atividade f\u00edsica com foco expl\u00edcito em identificar aquelas que geram sensa\u00e7\u00f5es prazerosas, <a href=\"https:\/\/sintony.com.br\/blog\/a-ciencia-da-longevidade-nos-relacionamentos-o-que-pesquisas-revelam-sobre-casamentos-duradouros\/\"  data-wpil-monitor-id=\"722\">conex\u00e3o social positiva ou sensa\u00e7\u00e3o de compet\u00eancia<\/a>. Mant\u00e9m di\u00e1rio de &#8220;momentos de alegria no movimento&#8221; para reorientar associa\u00e7\u00f5es mentais.<\/li>\n\n\n\n<li><strong>Pr\u00e1tica de Objetivos N\u00e3o-Est\u00e9ticos:<\/strong> Estabele\u00e7a metas <a href=\"https:\/\/sintony.com.br\/blog\/a-linguagem-corporal-que-transforma-um-primeiro-encontro-sinais-que-voce-deve-observar-e-transmitir\/\"  data-wpil-monitor-id=\"723\">relacionadas \u00e0 funcionalidade corporal<\/a> (flexibilidade, resist\u00eancia, coordena\u00e7\u00e3o) ou sensa\u00e7\u00f5es internas (energia, humor, qualidade do sono) em vez de medidas est\u00e9ticas como peso ou apar\u00eancia espec\u00edfica.<\/li>\n\n\n\n<li><strong>Autocuidado Preventivo Compassivo:<\/strong> Enquadre comportamentos preventivos de sa\u00fade (check-ups m\u00e9dicos, prote\u00e7\u00e3o solar, hidrata\u00e7\u00e3o adequada) como express\u00f5es de respeito e cuidado com seu corpo atual, n\u00e3o como ferramentas para &#8220;consertar problemas&#8221;.<\/li>\n\n\n\n<li><strong>Desenvolvimento de Resili\u00eancia de Autoimagem:<\/strong> Pratique antecipar e navegar com compaix\u00e3o flutua\u00e7\u00f5es naturais em sensa\u00e7\u00f5es corporais e apar\u00eancia (incha\u00e7o tempor\u00e1rio, varia\u00e7\u00f5es hormonais, mudan\u00e7as sazonais) sem interpret\u00e1-las como crises de <strong>autoimagem<\/strong>.<\/li>\n<\/ul>\n\n\n\n<p>A integra\u00e7\u00e3o bem-sucedida de aceita\u00e7\u00e3o e promo\u00e7\u00e3o de sa\u00fade manifesta-se como estado de &#8220;paz corporal&#8221; descrito pela pesquisadora Evelyn Tribole \u2013 capacidade de habitar seu corpo com presen\u00e7a atenta e responsividade compassiva, livre tanto de hostilidade autocr\u00edtica quanto de neglig\u00eancia disfar\u00e7ada de aceita\u00e7\u00e3o. Esta orienta\u00e7\u00e3o equilibrada permite cultivar <strong>autoimagem<\/strong> positiva n\u00e3o como destino est\u00e1tico, mas como processo din\u00e2mico de <a href=\"https:\/\/sintony.com.br\/blog\/casamento-e-individualidade-o-equilibrio-entre-o-nos-e-o-eu-para-relacionamentos-saudaveis\/\"  data-wpil-monitor-id=\"724\">relacionamento respeitoso e colaborativo<\/a> com seu corpo atrav\u00e9s de inevit\u00e1veis mudan\u00e7as ao longo da vida.<\/p>\n\n\n\n<h2 class=\"wp-block-heading\">Perguntas Frequentes sobre Reconstru\u00e7\u00e3o de Autoimagem<\/h2>\n\n\n\n<p><strong>\u00c9 poss\u00edvel desenvolver autoimagem positiva em cultura que constantemente promove ideais corporais irrealistas?<\/strong><br>Absolutamente. Embora influ\u00eancias culturais representem desafio significativo, pesquisas em psicologia demonstram que desenvolver consci\u00eancia cr\u00edtica sobre essas mensagens e cultivar ativamente fontes alternativas de valida\u00e7\u00e3o cria &#8220;sistema imunol\u00f3gico psicol\u00f3gico&#8221; que reduz significativamente sua influ\u00eancia. Indiv\u00edduos com forte senso de prop\u00f3sito al\u00e9m da apar\u00eancia f\u00edsica demonstram particular resili\u00eancia a press\u00f5es culturais sobre <strong>autoimagem<\/strong>.<\/p>\n\n\n\n<p><strong>Quanto tempo leva para realmente transformar uma autoimagem negativa arraigada?<\/strong><br>A neuroplasticidade cerebral torna mudan\u00e7a poss\u00edvel em qualquer idade, mas o processo raramente \u00e9 linear. Pesquisas indicam que mudan\u00e7as iniciais em comportamentos e pensamentos podem ocorrer em semanas, enquanto transforma\u00e7\u00f5es mais profundas em sentimentos e identifica\u00e7\u00e3o corporal frequentemente requerem meses ou anos de pr\u00e1tica consistente. Entretanto, benef\u00edcios incrementais s\u00e3o experimentados ao longo do caminho \u2013 n\u00e3o apenas no &#8220;destino final&#8221;.<\/p>\n\n\n\n<p><strong>Como lidar com reca\u00eddas na jornada de melhorar a autoimagem?<\/strong><br>Flutua\u00e7\u00f5es s\u00e3o parte normal do processo de mudan\u00e7a neurol\u00f3gica e psicol\u00f3gica. A pesquisadora Kristin Neff recomenda abordar reca\u00eddas com &#8220;autocompaix\u00e3o feroz&#8221; \u2013 combina\u00e7\u00e3o de gentileza consigo mesmo e compromisso firme com seu bem-estar. Tratar reca\u00eddas como oportunidades de aprendizado (&#8220;O que desencadeou este epis\u00f3dio? Que suporte adicional preciso?&#8221;) transform\u00e1 as de obst\u00e1culos em catalisadores para desenvolvimento de <strong>autoimagem<\/strong> mais resiliente.<\/p>\n\n\n\n<p><strong>Como apoiar crian\u00e7as e adolescentes em desenvolver autoimagem saud\u00e1vel desde cedo?<\/strong><br>Modelar rela\u00e7\u00e3o n\u00e3o-obsessiva com seu pr\u00f3prio corpo influencia poderosamente crian\u00e7as. Adicionalmente, pesquisas indicam benef\u00edcios significativos de: enfatizar funcionalidade corporal sobre apar\u00eancia em conversas familiares; promover literacia midi\u00e1tica cr\u00edtica; evitar dietas restritivas ou coment\u00e1rios sobre peso (pr\u00f3prio ou alheio); e criar ambiente que valoriza diversas formas de capacidade e express\u00e3o f\u00edsica, n\u00e3o apenas aquelas alinhadas com ideais est\u00e9ticos dominantes.<\/p>\n\n\n\n<p><strong>A terapia profissional \u00e9 necess\u00e1ria para transformar autoimagem problem\u00e1tica?<\/strong><br>Embora muitas pessoas realizem progresso significativo atrav\u00e9s de recursos de autoajuda e apoio comunit\u00e1rio, terapia especializada oferece benef\u00edcios substanciais em casos de sofrimento significativo relacionado \u00e0 <strong>autoimagem<\/strong> ou quando comportamentos compensat\u00f3rios (como restri\u00e7\u00e3o alimentar severa) est\u00e3o presentes. Abordagens como Terapia Cognitivo-Comportamental focada em imagem corporal e Terapia de Aceita\u00e7\u00e3o e Compromisso demonstram efic\u00e1cia particularmente robusta em pesquisas cl\u00ednicas.<\/p>\n\n\n\n<p>E voc\u00ea, leitor? Qual aspecto de sua <strong>autoimagem<\/strong> tem sido mais desafiador reconciliar? Que estrat\u00e9gia deste artigo parece mais vi\u00e1vel implementar em sua vida atual? Compartilhe suas reflex\u00f5es nos coment\u00e1rios \u2013 suas experi\u00eancias podem oferecer insights valiosos para outros leitores em jornadas semelhantes de reconstru\u00e7\u00e3o da rela\u00e7\u00e3o com seu corpo e <strong>autoimagem<\/strong>.<\/p>\n","protected":false},"excerpt":{"rendered":"<p>A forma como nos enxergamos molda profundamente nossa experi\u00eancia de vida. Nossa autoimagem \u2013 aquela representa\u00e7\u00e3o mental que mantemos sobre nossa apar\u00eancia, capacidades e valor \u2013 influencia desde nossas intera\u00e7\u00f5es sociais at\u00e9 nossas decis\u00f5es mais \u00edntimas. Para muitos de n\u00f3s, essa imagem interna tornou-se distorcida ao longo dos anos, coberta por camadas de cr\u00edticas absorvidas, [&hellip;]<\/p>\n","protected":false},"author":1,"featured_media":8192,"comment_status":"open","ping_status":"open","sticky":false,"template":"","format":"standard","meta":{"footnotes":""},"categories":[4],"tags":[566,568,586,28,571,455,454,563,531,71,587,475,570,581,573,591,580,576,565,572,574,578,512,584,129,582,575,583,579,589,569,588,577,567,590,564,26,58,585],"class_list":["post-7991","post","type-post","status-publish","format-standard","has-post-thumbnail","hentry","category-amor-proprio","tag-aceitacao-corporal","tag-atencao-seletiva","tag-autoavaliacao","tag-autocompaixao","tag-autoconceito","tag-autocuidado","tag-autoestima","tag-autoimagem","tag-autopercepcao","tag-bem-estar-emocional","tag-body-positive","tag-dialogo-interno","tag-distorcoes-cognitivas","tag-diversidade-corporal","tag-exposicao-ao-espelho","tag-gratidao-corporal","tag-haes","tag-health-at-every-size","tag-imagem-corporal","tag-influencias-socioculturais","tag-linguagem-interna","tag-literacia-de-midia","tag-mindfulness","tag-movimento-intuitivo","tag-neuroplasticidade","tag-neutralidade-corporal","tag-nutricao-atenta","tag-objetificacao-corporal","tag-padroes-de-beleza","tag-paz-corporal","tag-pensamento-dicotomico","tag-percepcao-corporal","tag-pressao-social","tag-psicologia-cognitiva","tag-reconstrucao-de-narrativas","tag-relacao-positiva-com-o-corpo","tag-resiliencia-emocional","tag-saude-mental","tag-tecnicas-de-consciencia-plena"],"blocksy_meta":[],"_links":{"self":[{"href":"https:\/\/sintony.com.br\/blog\/wp-json\/wp\/v2\/posts\/7991","targetHints":{"allow":["GET"]}}],"collection":[{"href":"https:\/\/sintony.com.br\/blog\/wp-json\/wp\/v2\/posts"}],"about":[{"href":"https:\/\/sintony.com.br\/blog\/wp-json\/wp\/v2\/types\/post"}],"author":[{"embeddable":true,"href":"https:\/\/sintony.com.br\/blog\/wp-json\/wp\/v2\/users\/1"}],"replies":[{"embeddable":true,"href":"https:\/\/sintony.com.br\/blog\/wp-json\/wp\/v2\/comments?post=7991"}],"version-history":[{"count":2,"href":"https:\/\/sintony.com.br\/blog\/wp-json\/wp\/v2\/posts\/7991\/revisions"}],"predecessor-version":[{"id":8193,"href":"https:\/\/sintony.com.br\/blog\/wp-json\/wp\/v2\/posts\/7991\/revisions\/8193"}],"wp:featuredmedia":[{"embeddable":true,"href":"https:\/\/sintony.com.br\/blog\/wp-json\/wp\/v2\/media\/8192"}],"wp:attachment":[{"href":"https:\/\/sintony.com.br\/blog\/wp-json\/wp\/v2\/media?parent=7991"}],"wp:term":[{"taxonomy":"category","embeddable":true,"href":"https:\/\/sintony.com.br\/blog\/wp-json\/wp\/v2\/categories?post=7991"},{"taxonomy":"post_tag","embeddable":true,"href":"https:\/\/sintony.com.br\/blog\/wp-json\/wp\/v2\/tags?post=7991"}],"curies":[{"name":"wp","href":"https:\/\/api.w.org\/{rel}","templated":true}]}}